{
    "id": 3527,
    "date": "2025-06-17T19:31:07",
    "date_gmt": "2025-06-17T17:31:07",
    "guid": {
        "rendered": "https:\/\/www.dolcevitasurseine.com\/?post_type=evento&#038;p=3527"
    },
    "modified": "2026-06-15T19:04:13",
    "modified_gmt": "2026-06-15T17:04:13",
    "slug": "lart-du-faux-parfait-habiller-le-cinema",
    "status": "publish",
    "type": "evento",
    "link": "https:\/\/www.dolcevitasurseine.com\/it\/evento\/lart-du-faux-parfait-habiller-le-cinema\/",
    "title": {
        "rendered": "Ville Lumi\u00e8re ou Citt\u00e0 Eterna"
    },
    "content": {
        "rendered": "<p class=\"wp-block-paragraph\"><strong>Entre patrimoine, r\u00e9invention et renouveau<br>Promouvoir Rome et Paris par la culture<\/strong><br><br>En collaboration avec ITA &#8211; Italian Trade Agency\u00a0<br><br>Rome et Paris fascinent le monde entier. Mais comment raconter aujourd\u2019hui deux villes si souvent c\u00e9l\u00e9br\u00e9es, r\u00eav\u00e9es et photographi\u00e9es ? Comment pr\u00e9server leur singularit\u00e9 tout en accompagnant leur transformation ?<\/p>\n\n\n\n<p class=\"wp-block-paragraph\"><\/p>",
        "protected": false
    },
    "featured_media": 0,
    "template": "",
    "meta": {
        "_acf_changed": true,
        "_monsterinsights_skip_tracking": false,
        "_links_to": "",
        "_links_to_target": ""
    },
    "giorni": [
        12
    ],
    "luogo": [
        22
    ],
    "class_list": [
        "post-3527",
        "evento",
        "type-evento",
        "status-publish",
        "hentry",
        "giorni-3-juillet",
        "luogo-institut-culturel-italien"
    ],
    "acf": [],
    "yoast_head": "<!-- This site is optimized with the Yoast SEO plugin v25.3.1 - https:\/\/yoast.com\/wordpress\/plugins\/seo\/ -->\n<title>Ville Lumi\u00e8re ou Citt\u00e0 Eterna - Dolcevita Sur Seine<\/title>\n<meta name=\"robots\" content=\"noindex, follow\" \/>\n<meta property=\"og:locale\" content=\"it_IT\" \/>\n<meta property=\"og:type\" content=\"article\" \/>\n<meta property=\"og:title\" content=\"Ville Lumi\u00e8re ou Citt\u00e0 Eterna - Dolcevita Sur Seine\" \/>\n<meta property=\"og:description\" content=\"Entre patrimoine, r\u00e9invention et renouveauPromouvoir Rome et Paris par la culture En collaboration avec ITA &#8211; Italian Trade Agency\u00a0 Rome et Paris fascinent le monde entier. Mais comment raconter aujourd\u2019hui deux villes si souvent c\u00e9l\u00e9br\u00e9es, r\u00eav\u00e9es et photographi\u00e9es ? Comment pr\u00e9server leur singularit\u00e9 tout en accompagnant leur transformation ?\" \/>\n<meta property=\"og:url\" content=\"https:\/\/www.dolcevitasurseine.com\/it\/evento\/lart-du-faux-parfait-habiller-le-cinema\/\" \/>\n<meta property=\"og:site_name\" content=\"Dolcevita Sur Seine\" \/>\n<meta property=\"article:modified_time\" content=\"2026-06-15T17:04:13+00:00\" \/>\n<meta name=\"twitter:card\" content=\"summary_large_image\" \/>\n<meta name=\"twitter:label1\" content=\"Tempo di lettura stimato\" \/>\n\t<meta name=\"twitter:data1\" content=\"1 minuto\" \/>\n<script type=\"application\/ld+json\" class=\"yoast-schema-graph\">{\"@context\":\"https:\/\/schema.org\",\"@graph\":[{\"@type\":\"WebPage\",\"@id\":\"https:\/\/www.dolcevitasurseine.com\/evento\/lart-du-faux-parfait-habiller-le-cinema\/\",\"url\":\"https:\/\/www.dolcevitasurseine.com\/evento\/lart-du-faux-parfait-habiller-le-cinema\/\",\"name\":\"Ville Lumi\u00e8re ou Citt\u00e0 Eterna - Dolcevita Sur Seine\",\"isPartOf\":{\"@id\":\"https:\/\/www.dolcevitasurseine.com\/#website\"},\"datePublished\":\"2025-06-17T17:31:07+00:00\",\"dateModified\":\"2026-06-15T17:04:13+00:00\",\"breadcrumb\":{\"@id\":\"https:\/\/www.dolcevitasurseine.com\/evento\/lart-du-faux-parfait-habiller-le-cinema\/#breadcrumb\"},\"inLanguage\":\"it-IT\",\"potentialAction\":[{\"@type\":\"ReadAction\",\"target\":[\"https:\/\/www.dolcevitasurseine.com\/evento\/lart-du-faux-parfait-habiller-le-cinema\/\"]}]},{\"@type\":\"BreadcrumbList\",\"@id\":\"https:\/\/www.dolcevitasurseine.com\/evento\/lart-du-faux-parfait-habiller-le-cinema\/#breadcrumb\",\"itemListElement\":[{\"@type\":\"ListItem\",\"position\":1,\"name\":\"Home\",\"item\":\"https:\/\/www.dolcevitasurseine.com\/\"},{\"@type\":\"ListItem\",\"position\":2,\"name\":\"Ville Lumi\u00e8re ou Citt\u00e0 Eterna\"}]},{\"@type\":\"WebSite\",\"@id\":\"https:\/\/www.dolcevitasurseine.com\/#website\",\"url\":\"https:\/\/www.dolcevitasurseine.com\/\",\"name\":\"Dolcevita Sur Seine\",\"description\":\"\",\"publisher\":{\"@id\":\"https:\/\/www.dolcevitasurseine.com\/#organization\"},\"potentialAction\":[{\"@type\":\"SearchAction\",\"target\":{\"@type\":\"EntryPoint\",\"urlTemplate\":\"https:\/\/www.dolcevitasurseine.com\/?s={search_term_string}\"},\"query-input\":{\"@type\":\"PropertyValueSpecification\",\"valueRequired\":true,\"valueName\":\"search_term_string\"}}],\"inLanguage\":\"it-IT\"},{\"@type\":\"Organization\",\"@id\":\"https:\/\/www.dolcevitasurseine.com\/#organization\",\"name\":\"Dolcevita Sur Seine\",\"url\":\"https:\/\/www.dolcevitasurseine.com\/\",\"logo\":{\"@type\":\"ImageObject\",\"inLanguage\":\"it-IT\",\"@id\":\"https:\/\/www.dolcevitasurseine.com\/#\/schema\/logo\/image\/\",\"url\":\"https:\/\/www.dolcevitasurseine.com\/wp-content\/uploads\/2024\/06\/Dolcevitasurseine_red.png\",\"contentUrl\":\"https:\/\/www.dolcevitasurseine.com\/wp-content\/uploads\/2024\/06\/Dolcevitasurseine_red.png\",\"width\":500,\"height\":500,\"caption\":\"Dolcevita Sur Seine\"},\"image\":{\"@id\":\"https:\/\/www.dolcevitasurseine.com\/#\/schema\/logo\/image\/\"}}]}<\/script>\n<!-- \/ Yoast SEO plugin. -->",
    "yoast_head_json": {
        "title": "Ville Lumi\u00e8re ou Citt\u00e0 Eterna - Dolcevita Sur Seine",
        "robots": {
            "index": "noindex",
            "follow": "follow"
        },
        "og_locale": "it_IT",
        "og_type": "article",
        "og_title": "Ville Lumi\u00e8re ou Citt\u00e0 Eterna - Dolcevita Sur Seine",
        "og_description": "Entre patrimoine, r\u00e9invention et renouveauPromouvoir Rome et Paris par la culture En collaboration avec ITA &#8211; Italian Trade Agency\u00a0 Rome et Paris fascinent le monde entier. Mais comment raconter aujourd\u2019hui deux villes si souvent c\u00e9l\u00e9br\u00e9es, r\u00eav\u00e9es et photographi\u00e9es ? Comment pr\u00e9server leur singularit\u00e9 tout en accompagnant leur transformation ?",
        "og_url": "https:\/\/www.dolcevitasurseine.com\/it\/evento\/lart-du-faux-parfait-habiller-le-cinema\/",
        "og_site_name": "Dolcevita Sur Seine",
        "article_modified_time": "2026-06-15T17:04:13+00:00",
        "twitter_card": "summary_large_image",
        "twitter_misc": {
            "Tempo di lettura stimato": "1 minuto"
        },
        "schema": {
            "@context": "https:\/\/schema.org",
            "@graph": [
                {
                    "@type": "WebPage",
                    "@id": "https:\/\/www.dolcevitasurseine.com\/evento\/lart-du-faux-parfait-habiller-le-cinema\/",
                    "url": "https:\/\/www.dolcevitasurseine.com\/evento\/lart-du-faux-parfait-habiller-le-cinema\/",
                    "name": "Ville Lumi\u00e8re ou Citt\u00e0 Eterna - Dolcevita Sur Seine",
                    "isPartOf": {
                        "@id": "https:\/\/www.dolcevitasurseine.com\/#website"
                    },
                    "datePublished": "2025-06-17T17:31:07+00:00",
                    "dateModified": "2026-06-15T17:04:13+00:00",
                    "breadcrumb": {
                        "@id": "https:\/\/www.dolcevitasurseine.com\/evento\/lart-du-faux-parfait-habiller-le-cinema\/#breadcrumb"
                    },
                    "inLanguage": "it-IT",
                    "potentialAction": [
                        {
                            "@type": "ReadAction",
                            "target": [
                                "https:\/\/www.dolcevitasurseine.com\/evento\/lart-du-faux-parfait-habiller-le-cinema\/"
                            ]
                        }
                    ]
                },
                {
                    "@type": "BreadcrumbList",
                    "@id": "https:\/\/www.dolcevitasurseine.com\/evento\/lart-du-faux-parfait-habiller-le-cinema\/#breadcrumb",
                    "itemListElement": [
                        {
                            "@type": "ListItem",
                            "position": 1,
                            "name": "Home",
                            "item": "https:\/\/www.dolcevitasurseine.com\/"
                        },
                        {
                            "@type": "ListItem",
                            "position": 2,
                            "name": "Ville Lumi\u00e8re ou Citt\u00e0 Eterna"
                        }
                    ]
                },
                {
                    "@type": "WebSite",
                    "@id": "https:\/\/www.dolcevitasurseine.com\/#website",
                    "url": "https:\/\/www.dolcevitasurseine.com\/",
                    "name": "Dolcevita Sur Seine",
                    "description": "",
                    "publisher": {
                        "@id": "https:\/\/www.dolcevitasurseine.com\/#organization"
                    },
                    "potentialAction": [
                        {
                            "@type": "SearchAction",
                            "target": {
                                "@type": "EntryPoint",
                                "urlTemplate": "https:\/\/www.dolcevitasurseine.com\/?s={search_term_string}"
                            },
                            "query-input": {
                                "@type": "PropertyValueSpecification",
                                "valueRequired": true,
                                "valueName": "search_term_string"
                            }
                        }
                    ],
                    "inLanguage": "it-IT"
                },
                {
                    "@type": "Organization",
                    "@id": "https:\/\/www.dolcevitasurseine.com\/#organization",
                    "name": "Dolcevita Sur Seine",
                    "url": "https:\/\/www.dolcevitasurseine.com\/",
                    "logo": {
                        "@type": "ImageObject",
                        "inLanguage": "it-IT",
                        "@id": "https:\/\/www.dolcevitasurseine.com\/#\/schema\/logo\/image\/",
                        "url": "https:\/\/www.dolcevitasurseine.com\/wp-content\/uploads\/2024\/06\/Dolcevitasurseine_red.png",
                        "contentUrl": "https:\/\/www.dolcevitasurseine.com\/wp-content\/uploads\/2024\/06\/Dolcevitasurseine_red.png",
                        "width": 500,
                        "height": 500,
                        "caption": "Dolcevita Sur Seine"
                    },
                    "image": {
                        "@id": "https:\/\/www.dolcevitasurseine.com\/#\/schema\/logo\/image\/"
                    }
                }
            ]
        }
    },
    "_links": {
        "self": [
            {
                "href": "https:\/\/www.dolcevitasurseine.com\/it\/wp-json\/wp\/v2\/evento\/3527",
                "targetHints": {
                    "allow": [
                        "GET"
                    ]
                }
            }
        ],
        "collection": [
            {
                "href": "https:\/\/www.dolcevitasurseine.com\/it\/wp-json\/wp\/v2\/evento"
            }
        ],
        "about": [
            {
                "href": "https:\/\/www.dolcevitasurseine.com\/it\/wp-json\/wp\/v2\/types\/evento"
            }
        ],
        "wp:attachment": [
            {
                "href": "https:\/\/www.dolcevitasurseine.com\/it\/wp-json\/wp\/v2\/media?parent=3527"
            }
        ],
        "wp:term": [
            {
                "taxonomy": "giorni",
                "embeddable": true,
                "href": "https:\/\/www.dolcevitasurseine.com\/it\/wp-json\/wp\/v2\/giorni?post=3527"
            },
            {
                "taxonomy": "luogo",
                "embeddable": true,
                "href": "https:\/\/www.dolcevitasurseine.com\/it\/wp-json\/wp\/v2\/luogo?post=3527"
            }
        ],
        "curies": [
            {
                "name": "wp",
                "href": "https:\/\/api.w.org\/{rel}",
                "templated": true
            }
        ]
    }
}